{"id":6704,"date":"2025-07-01T08:55:09","date_gmt":"2025-07-01T08:55:09","guid":{"rendered":"https:\/\/brescia.confagricoltura.it\/ita\/?p=6704"},"modified":"2025-07-04T14:31:09","modified_gmt":"2025-07-04T14:31:09","slug":"allerta-caldo-divieto-di-lavoro-allaperto-dalle-12-30-alle-16","status":"publish","type":"post","link":"https:\/\/brescia.confagricoltura.it\/ita\/allerta-caldo-divieto-di-lavoro-allaperto-dalle-12-30-alle-16\/","title":{"rendered":"Allerta caldo, divieto di lavoro all&#8217;aperto dalle 12.30 alle 16"},"content":{"rendered":"<p>L\u2019esposizione a temperature elevate rappresenta un rischio significativo per la salute dei lavoratori impiegati in attivit\u00e0 all\u2019aperto. Da tempo in Italia si osserva un costante aumento delle temperature estive, accompagnato da una crescente frequenza di eventi estremi, come le ondate di calore. Anche per l\u2019estate 2025 si prevede che le temperature possano essere significativamente superiori alla media stagionale, con picchi che potrebbero superare i 40\u00b0C in molte regioni. Questo scenario comporta un elevato rischio di stress termico, soprattutto per i lavoratori all\u2019aperto.<br \/>\n\u00c8 quindi fondamentale che aziende, lavoratori e medici competenti adottino misure preventive efficaci per ridurre al minimo i rischi legati al caldo estremo.<br \/>\nLa gestione del rischio legato all\u2019esposizione a temperature estreme richiede un approccio integrato e coordinato, che coinvolga attivamente aziende, lavoratori e medici competenti.<br \/>\n\u00c8 noto che i lavoratori di alcuni settori produttivi, come l&#8217;agricoltura, possono essere esposti, per la natura delle mansioni svolte, a condizioni ambientali particolarmente calde, risultando quindi maggiormente vulnerabili allo sviluppo di disturbi correlati al caldo. In questo contesto si inseriscono i Piani mirati di prevenzione per il rischio di stress da calore in agricoltura ed edilizia, predisposti da Regione Lombardia in collaborazione con le associazioni datoriali e sindacali.<br \/>\nAttraverso un impegno condiviso e l\u2019adozione di misure preventive mirate \u00e8 possibile affrontare in modo efficace le criticit\u00e0 legate al caldo, tutelando la salute e il<br \/>\nbenessere dei lavoratori.<br \/>\nRegione Lombardia ha quindi emanato un&#8217;ordinanza urgente, che entrer\u00e0 in vigore\u00a0da\u00a0 mercoled\u00ec 2 luglio, e durer\u00e0 fino al 15 settembre 2025, e disciplina il divieto di attivit\u00e0 lavorativa all\u2019aperto tra le 12.30 e le 16 nelle aziende agricole e florovivaistiche, limitatamente ai giorni in cui la mappa giornaliera pubblicata quotidianamente\u00a0<a href=\"http:\/\/www.worklimate.it\/scelta-mappa\/sole-attivita-fisica-alta\">su questo sito<\/a>\u00a0\u00a0riferita a: \u2018lavoratori esposti al sole\u2019 con \u2018attivit\u00e0 fisica intensa\u2019 ore 12, segnali un livello di rischio \u2018ALTO\u2018 e, pi\u00f9 specificatamente,\u00a0<a href=\"https:\/\/app.worklimate.it\/ordinanza-caldo-lavoro\">a questo link<\/a>.<\/p>\n<p>Secondo l&#8217;accordo firmato il 4 luglio 2025 da Ebat Brescia:<\/p>\n<ul>\n<li>il datore di lavoro potr\u00e0 prevedere una\u00a0<strong>distribuzione dell&#8217;orario di lavoro giornaliero diversa<\/strong>\u00a0da quella adottata nel restante periodo dell&#8217;anno;<\/li>\n<li>qualora nella diversa distribuzione dell&#8217;orario, si anticipasse l&#8217;inizio delle attivit\u00e0 prima delle 6, ovvero si posticipassero i lavori, con conclusione dopo le 22, in turni continuativi nel limite di un totale di 8 ore giornaliere, le ore di lavoro dalle 4 alle 23 saranno considerate ordinarie e non trover\u00e0 applicazione esclusivamente la maggiorazione per lavoro notturno. In caso il lavoratore sia\u00a0<strong>impossibilitato\u00a0<\/strong>a recuperare le ore, pu\u00f2 chiederne la\u00a0<strong>compensazione con l&#8217;utilizzo delle ferie<\/strong>;<\/li>\n<li>il lavoro non effettuato nei giorni a rischio &#8220;alto&#8221;, potr\u00e0 essere recuperato, in deroga a quanto previsto nel contratto provinciale di lavoro per gli operai agricoli e florovivaisti della provincia di Brescia, entro i\u00a0<u><strong>tre mesi successivi<\/strong><\/u>\u00a0alla sospensione, per un massimo di 2 ore al giorno.<\/li>\n<\/ul>\n<p>Scarica l&#8217;<a href=\"https:\/\/brescia.confagricoltura.it\/ita\/wp-content\/uploads\/2025\/07\/Ordinanza-348-del-1_07_25.pdf\">Ordinanza-348-del-1_07_25<\/a><\/p>\n","protected":false},"excerpt":{"rendered":"<p>L\u2019esposizione a temperature elevate rappresenta un rischio significativo per la salute dei lavoratori impiegati in attivit\u00e0 all\u2019aperto. Da tempo in Italia si osserva un costante aumento delle temperature estive, accompagnato da una crescente frequenza di eventi estremi, come le ondate di calore. Anche per l\u2019estate 2025 si prevede che le temperature possano essere significativamente superiori <a href=\"https:\/\/brescia.confagricoltura.it\/ita\/allerta-caldo-divieto-di-lavoro-allaperto-dalle-12-30-alle-16\/\" class=\"more-link\">&#8230;<span class=\"screen-reader-text\">  Allerta caldo, divieto di lavoro all&#8217;aperto dalle 12.30 alle 16<\/span><\/a><\/p>\n","protected":false},"author":1,"featured_media":755,"comment_status":"closed","ping_status":"closed","sticky":false,"template":"","format":"standard","meta":{"_acf_changed":false,"footnotes":""},"categories":[4],"tags":[],"class_list":["post-6704","post","type-post","status-publish","format-standard","has-post-thumbnail","hentry","category-news"],"acf":[],"_links":{"self":[{"href":"https:\/\/brescia.confagricoltura.it\/ita\/wp-json\/wp\/v2\/posts\/6704","targetHints":{"allow":["GET"]}}],"collection":[{"href":"https:\/\/brescia.confagricoltura.it\/ita\/wp-json\/wp\/v2\/posts"}],"about":[{"href":"https:\/\/brescia.confagricoltura.it\/ita\/wp-json\/wp\/v2\/types\/post"}],"author":[{"embeddable":true,"href":"https:\/\/brescia.confagricoltura.it\/ita\/wp-json\/wp\/v2\/users\/1"}],"replies":[{"embeddable":true,"href":"https:\/\/brescia.confagricoltura.it\/ita\/wp-json\/wp\/v2\/comments?post=6704"}],"version-history":[{"count":5,"href":"https:\/\/brescia.confagricoltura.it\/ita\/wp-json\/wp\/v2\/posts\/6704\/revisions"}],"predecessor-version":[{"id":6714,"href":"https:\/\/brescia.confagricoltura.it\/ita\/wp-json\/wp\/v2\/posts\/6704\/revisions\/6714"}],"wp:featuredmedia":[{"embeddable":true,"href":"https:\/\/brescia.confagricoltura.it\/ita\/wp-json\/wp\/v2\/media\/755"}],"wp:attachment":[{"href":"https:\/\/brescia.confagricoltura.it\/ita\/wp-json\/wp\/v2\/media?parent=6704"}],"wp:term":[{"taxonomy":"category","embeddable":true,"href":"https:\/\/brescia.confagricoltura.it\/ita\/wp-json\/wp\/v2\/categories?post=6704"},{"taxonomy":"post_tag","embeddable":true,"href":"https:\/\/brescia.confagricoltura.it\/ita\/wp-json\/wp\/v2\/tags?post=6704"}],"curies":[{"name":"wp","href":"https:\/\/api.w.org\/{rel}","templated":true}]}}