{"id":6829,"date":"2025-09-09T06:58:12","date_gmt":"2025-09-09T06:58:12","guid":{"rendered":"https:\/\/brescia.confagricoltura.it\/ita\/?p=6829"},"modified":"2025-09-09T08:47:19","modified_gmt":"2025-09-09T08:47:19","slug":"pmi-day-2025","status":"publish","type":"post","link":"https:\/\/brescia.confagricoltura.it\/ita\/pmi-day-2025\/","title":{"rendered":"Pmi day 2025 &#8211; iscrizioni entro il 25 settembre"},"content":{"rendered":"<p>L\u2019iniziativa del PMI DAY, lanciata per la prima volta nel 2010, ha l\u2019obiettivo di far conoscere ai giovani il mondo dell\u2019impresa, consentendo l\u2019integrazione tra lo studio teorico e la realt\u00e0 imprenditoriale.<\/p>\n<p>Scegliere \u00e8 il tema del PMI DAY 2025. Scegliere cosa diventare e quale strada intraprendere per costruire il proprio percorso personale e professionale. Scegliere con responsabilit\u00e0 e coraggio, anche rischiando di sbagliare, ma vedendo l\u2019errore come un\u2019occasione di apprendimento e di crescita e non come una sconfitta. Scegliere in modo consapevole e informato i propri obiettivi e le competenze necessari per raggiungerli, attraverso esperienze e conoscenza, sapendo che ogni decisione porta con s\u00e9 sfide da affrontare. Molto spesso i giovani si sentono chiedere \u201ccosa farai da grande?\u201d Questa stessa domanda deve coinvolgere in un dialogo costruttivo tutte le parti in gioco: il mondo dell\u2019istruzione, le famiglie e le imprese. Per i giovani, la scelta \u00e8 un momento decisivo per iniziare un cammino che disegner\u00e0 il loro domani. Poter scegliere \u00e8 un privilegio, un\u2019espressione di libert\u00e0. Scegliere significa prendere una posizione, esporsi e assumersi la responsabilit\u00e0 delle conseguenze. La scelta comunica chi si \u00e8 e in che cosa si crede, prestandosi anche al giudizio degli altri.<\/p>\n<p>Durante la vista, verranno presentati ai docenti e agli studenti i diversi reparti, nonch\u00e9 il ciclo produttivo, cercando di mostrare il lavoro che viene svolto quotidianamente all\u2019interno delle nostre aziende, raccontandone la storia, i progetti e i risultati raggiunti grazie al talento e all&#8217;impegno di tutti i collaboratori.<\/p>\n<p>Per permettere alle scuole di avere un calendario con tutte le vostre disponibilit\u00e0, sar\u00e0 nuovamente a vostra disposizione il portale del PMI DAY al link https:\/\/pmidaybrescia.it\/azienda dove, <strong>entro il 25 settembre<\/strong>, potrete registrare la vostra azienda (anche se avete partecipato alle precedenti edizioni dovrete registrare nuovamente l\u2019utente aziendale sul portale) e scegliere date ed orari in cui preferite accogliere gli studenti.<\/p>\n<p>Quando una scuola prenoter\u00e0 la visita nella vostra azienda, riceverete una mail con la sintesi di tutte le informazioni.<br \/>\nOgni visita potr\u00e0 essere organizzata nelle giornate del 13,14 e 15 novembre, con durata di 1h30 nei seguenti slot di orari:<br \/>\n\u2022 08.30-10.00<br \/>\n\u2022 10.00-11.30<br \/>\n\u2022 11.30-13.00<\/p>\n<p>Ogni azienda potr\u00e0 inserire massimo 6 disponibilit\u00e0.<\/p>\n","protected":false},"excerpt":{"rendered":"<p>L\u2019iniziativa del PMI DAY, lanciata per la prima volta nel 2010, ha l\u2019obiettivo di far conoscere ai giovani il mondo dell\u2019impresa, consentendo l\u2019integrazione tra lo studio teorico e la realt\u00e0 imprenditoriale. Scegliere \u00e8 il tema del PMI DAY 2025. Scegliere cosa diventare e quale strada intraprendere per costruire il proprio percorso personale e professionale. Scegliere <a href=\"https:\/\/brescia.confagricoltura.it\/ita\/pmi-day-2025\/\" class=\"more-link\">&#8230;<span class=\"screen-reader-text\">  Pmi day 2025 &#8211; iscrizioni entro il 25 settembre<\/span><\/a><\/p>\n","protected":false},"author":1,"featured_media":6830,"comment_status":"closed","ping_status":"closed","sticky":false,"template":"","format":"standard","meta":{"_acf_changed":false,"footnotes":""},"categories":[4],"tags":[],"class_list":["post-6829","post","type-post","status-publish","format-standard","has-post-thumbnail","hentry","category-news"],"acf":[],"_links":{"self":[{"href":"https:\/\/brescia.confagricoltura.it\/ita\/wp-json\/wp\/v2\/posts\/6829","targetHints":{"allow":["GET"]}}],"collection":[{"href":"https:\/\/brescia.confagricoltura.it\/ita\/wp-json\/wp\/v2\/posts"}],"about":[{"href":"https:\/\/brescia.confagricoltura.it\/ita\/wp-json\/wp\/v2\/types\/post"}],"author":[{"embeddable":true,"href":"https:\/\/brescia.confagricoltura.it\/ita\/wp-json\/wp\/v2\/users\/1"}],"replies":[{"embeddable":true,"href":"https:\/\/brescia.confagricoltura.it\/ita\/wp-json\/wp\/v2\/comments?post=6829"}],"version-history":[{"count":4,"href":"https:\/\/brescia.confagricoltura.it\/ita\/wp-json\/wp\/v2\/posts\/6829\/revisions"}],"predecessor-version":[{"id":6834,"href":"https:\/\/brescia.confagricoltura.it\/ita\/wp-json\/wp\/v2\/posts\/6829\/revisions\/6834"}],"wp:featuredmedia":[{"embeddable":true,"href":"https:\/\/brescia.confagricoltura.it\/ita\/wp-json\/wp\/v2\/media\/6830"}],"wp:attachment":[{"href":"https:\/\/brescia.confagricoltura.it\/ita\/wp-json\/wp\/v2\/media?parent=6829"}],"wp:term":[{"taxonomy":"category","embeddable":true,"href":"https:\/\/brescia.confagricoltura.it\/ita\/wp-json\/wp\/v2\/categories?post=6829"},{"taxonomy":"post_tag","embeddable":true,"href":"https:\/\/brescia.confagricoltura.it\/ita\/wp-json\/wp\/v2\/tags?post=6829"}],"curies":[{"name":"wp","href":"https:\/\/api.w.org\/{rel}","templated":true}]}}