{"id":6926,"date":"2025-10-08T07:23:07","date_gmt":"2025-10-08T07:23:07","guid":{"rendered":"https:\/\/brescia.confagricoltura.it\/ita\/?p=6926"},"modified":"2025-10-08T07:37:20","modified_gmt":"2025-10-08T07:37:20","slug":"6926-2","status":"publish","type":"post","link":"https:\/\/brescia.confagricoltura.it\/ita\/6926-2\/","title":{"rendered":"Ripartono i corsi di formazione di Confagricoltura Brescia"},"content":{"rendered":"<p>Confagricoltura Brescia rinnova il suo impegno nella formazione professionale, proponendo da ottobre a dicembre una serie di corsi dedicati alla sicurezza e all\u2019aggiornamento degli operatori del settore agricolo.<br \/>\nTra le prime iniziative in programma, gioved\u00ec 16 ottobre si terranno due iniziative:<br \/>\n&#8211; corso di aggiornamento per trattori agricoli e forestali gommati (4 ore, dalle 9 alle 13);<br \/>\n&#8211; corso di aggiornamento per carrelli di tutti i tipi (4 ore, dalle 14 alle 18).<br \/>\nEntrambi i corsi si svolgeranno nella sede lungo la Ss 45 al civico 25 a Poncarale e prevedono una quota di partecipazione di 85 euro a persona (iscrizioni sono aperte fino al 9 ottobre).<br \/>\nSempre in questo mese \u00e8 previsto anche il corso base per trattori agricoli e forestali gommati, in programma gioved\u00ec 30 ottobre dalle 9 alle 13 e dalle 14 alle 18, sempre nella sede di Poncarale. Il percorso, della durata complessiva di otto ore, \u00e8 pensato per chi deve conseguire la formazione iniziale e prevede una quota di partecipazione di 240 euro (le iscrizioni si chiudono il 22 ottobre).<br \/>\nInfine, sempre nel mese di ottobre si terr\u00e0 anche il corso di aggiornamento per utilizzatori professionali di prodotti fitosanitari, rivolto a chi deve rinnovare il proprio patentino. Le lezioni si svolgeranno nell\u2019ufficio zona di Leno (via C. Colombo 9) nelle giornate di marted\u00ec 21, mercoled\u00ec 22 e gioved\u00ec 23 ottobre, dalle 8.30 alle 12.30, per un totale di dodici ore di formazione. La quota<br \/>\ndi partecipazione \u00e8 di 130 euro e le iscrizioni devono essere inviate entro il 13 ottobre.<br \/>\nIl programma di formazione autunnale proseguir\u00e0 anche nei mesi di novembre e dicembre.<\/p>\n<p>Tutti i corsi disponibili sono consultabili sul sito nella <a href=\"https:\/\/brescia.confagricoltura.it\/ita\/corsi\/\">sezione Corsi<\/a>, insieme ai moduli per iscriversi ai singoli appuntamenti.<\/p>\n<p>Per ulteriori informazioni \u00e8 possibile scrivere a formazione@confagricolturabrescia.it<\/p>\n","protected":false},"excerpt":{"rendered":"<p>Confagricoltura Brescia rinnova il suo impegno nella formazione professionale, proponendo da ottobre a dicembre una serie di corsi dedicati alla sicurezza e all\u2019aggiornamento degli operatori del settore agricolo. Tra le prime iniziative in programma, gioved\u00ec 16 ottobre si terranno due iniziative: &#8211; corso di aggiornamento per trattori agricoli e forestali gommati (4 ore, dalle 9 <a href=\"https:\/\/brescia.confagricoltura.it\/ita\/6926-2\/\" class=\"more-link\">&#8230;<span class=\"screen-reader-text\">  Ripartono i corsi di formazione di Confagricoltura Brescia<\/span><\/a><\/p>\n","protected":false},"author":1,"featured_media":3477,"comment_status":"closed","ping_status":"closed","sticky":false,"template":"","format":"standard","meta":{"_acf_changed":false,"footnotes":""},"categories":[4],"tags":[],"class_list":["post-6926","post","type-post","status-publish","format-standard","has-post-thumbnail","hentry","category-news"],"acf":[],"_links":{"self":[{"href":"https:\/\/brescia.confagricoltura.it\/ita\/wp-json\/wp\/v2\/posts\/6926","targetHints":{"allow":["GET"]}}],"collection":[{"href":"https:\/\/brescia.confagricoltura.it\/ita\/wp-json\/wp\/v2\/posts"}],"about":[{"href":"https:\/\/brescia.confagricoltura.it\/ita\/wp-json\/wp\/v2\/types\/post"}],"author":[{"embeddable":true,"href":"https:\/\/brescia.confagricoltura.it\/ita\/wp-json\/wp\/v2\/users\/1"}],"replies":[{"embeddable":true,"href":"https:\/\/brescia.confagricoltura.it\/ita\/wp-json\/wp\/v2\/comments?post=6926"}],"version-history":[{"count":2,"href":"https:\/\/brescia.confagricoltura.it\/ita\/wp-json\/wp\/v2\/posts\/6926\/revisions"}],"predecessor-version":[{"id":6928,"href":"https:\/\/brescia.confagricoltura.it\/ita\/wp-json\/wp\/v2\/posts\/6926\/revisions\/6928"}],"wp:featuredmedia":[{"embeddable":true,"href":"https:\/\/brescia.confagricoltura.it\/ita\/wp-json\/wp\/v2\/media\/3477"}],"wp:attachment":[{"href":"https:\/\/brescia.confagricoltura.it\/ita\/wp-json\/wp\/v2\/media?parent=6926"}],"wp:term":[{"taxonomy":"category","embeddable":true,"href":"https:\/\/brescia.confagricoltura.it\/ita\/wp-json\/wp\/v2\/categories?post=6926"},{"taxonomy":"post_tag","embeddable":true,"href":"https:\/\/brescia.confagricoltura.it\/ita\/wp-json\/wp\/v2\/tags?post=6926"}],"curies":[{"name":"wp","href":"https:\/\/api.w.org\/{rel}","templated":true}]}}