{"id":7051,"date":"2025-11-21T09:32:24","date_gmt":"2025-11-21T09:32:24","guid":{"rendered":"https:\/\/brescia.confagricoltura.it\/ita\/?p=7051"},"modified":"2025-11-21T09:32:43","modified_gmt":"2025-11-21T09:32:43","slug":"7051-2","status":"publish","type":"post","link":"https:\/\/brescia.confagricoltura.it\/ita\/7051-2\/","title":{"rendered":"Formazione obbligatoria (18 ore) avicoltori"},"content":{"rendered":"<p>Il ministero della Salute con decreto 06 settembre 2023, pubblicato in Gazzetta Ufficiale il 17 ottobre 2023, ha stabilito i requisiti e le modalit\u00e0 di erogazione dei programmi di formazione obbligatoria (18 ore) in materia di sanit\u00e0 animale in conformit\u00e0 alle prescrizioni contenute nell\u2019articolo 11 del regolamento (UE)2016\/429.<\/p>\n<p><strong>Chi deve partecipare?<\/strong><\/p>\n<p>Titolare di impresa individuale o legale rappresentante\/socio o delegato (inteso come persona fisica che si occupa degli animali).<\/p>\n<p><strong>Obbligo di frequenza:<\/strong><\/p>\n<ul>\n<li>gli operatori che al 1\u00b0 gennaio 2024 sono identificati e registrati nel Sistema I&amp;R, ai sensi del Decreto n.134\/2022, e hanno gi\u00e0 avviato la propria attivit\u00e0 sono tenuti ad assolvere all&#8217;obbligo di frequenza del primo programma formativo entro il 31 dicembre 2025 salvo possibilit\u00e0 di deroga;<\/li>\n<li>gli operatori che avviano la propria attivit\u00e0 dal 1 gennaio 2024 al 31 dicembre 2025 possono assolvere all&#8217;obbligo di frequenza del primo programma entro dodici mesi dall&#8217;avvio dell&#8217;attivit\u00e0;<\/li>\n<li>dal 2026 &#8211; A decorrere dal 1\u00b0 gennaio 2026 la frequenza del primo programma di formazione \u00e8 condizione per la registrazione degli operatori ed i trasportatori nel Sistema I&amp;R e per l&#8217;avvio dell&#8217;attivit\u00e0 dei professionisti degli animali che si occupano di animali identificati e registrati.<\/li>\n<\/ul>\n<p><strong>FORMAZIONE A DISTANZA<\/strong><\/p>\n<p>Il programma formativo di 18 ore si svolge interamente online e si propone di fornire agli operatori del <strong>settore avicolo<\/strong> conoscenze adeguate in materia di:<\/p>\n<ul>\n<li>principali malattie elencate degli animali;<\/li>\n<li>oneri e obblighi degli operatori e dei professionisti degli animali;<\/li>\n<li>principi di biosicurezza;<\/li>\n<li>interazione tra sanit\u00e0 animale, benessere animale e salute umana;<\/li>\n<li>buone prassi di allevamento;<\/li>\n<li>resistenza ai trattamenti farmacologici, compresa quella antimicrobica.<\/li>\n<\/ul>\n<p>Il programma si articola in tre moduli formativi online, con video-lezioni, materiali di approfondimento ed esercitazioni interattive.<\/p>\n<p>Per partecipare \u00e8 sufficiente un dispositivo (computer, tablet, smartphone) dotato di scheda audio, collegamento Internet e browser aggiornato (es. Google Chrome).<\/p>\n<p>Tutti i dettagli su costo e modalit\u00e0 di iscrizione sono disponibili nella\u00a0<a href=\"https:\/\/brescia.confagricoltura.it\/ita\/corsi\/\">pagina Corsi<\/a><\/p>\n","protected":false},"excerpt":{"rendered":"<p>Il ministero della Salute con decreto 06 settembre 2023, pubblicato in Gazzetta Ufficiale il 17 ottobre 2023, ha stabilito i requisiti e le modalit\u00e0 di erogazione dei programmi di formazione obbligatoria (18 ore) in materia di sanit\u00e0 animale in conformit\u00e0 alle prescrizioni contenute nell\u2019articolo 11 del regolamento (UE)2016\/429. Chi deve partecipare? Titolare di impresa individuale <a href=\"https:\/\/brescia.confagricoltura.it\/ita\/7051-2\/\" class=\"more-link\">&#8230;<span class=\"screen-reader-text\">  Formazione obbligatoria (18 ore) avicoltori<\/span><\/a><\/p>\n","protected":false},"author":1,"featured_media":7052,"comment_status":"closed","ping_status":"closed","sticky":false,"template":"","format":"standard","meta":{"_acf_changed":false,"footnotes":""},"categories":[4],"tags":[],"class_list":["post-7051","post","type-post","status-publish","format-standard","has-post-thumbnail","hentry","category-news"],"acf":[],"_links":{"self":[{"href":"https:\/\/brescia.confagricoltura.it\/ita\/wp-json\/wp\/v2\/posts\/7051","targetHints":{"allow":["GET"]}}],"collection":[{"href":"https:\/\/brescia.confagricoltura.it\/ita\/wp-json\/wp\/v2\/posts"}],"about":[{"href":"https:\/\/brescia.confagricoltura.it\/ita\/wp-json\/wp\/v2\/types\/post"}],"author":[{"embeddable":true,"href":"https:\/\/brescia.confagricoltura.it\/ita\/wp-json\/wp\/v2\/users\/1"}],"replies":[{"embeddable":true,"href":"https:\/\/brescia.confagricoltura.it\/ita\/wp-json\/wp\/v2\/comments?post=7051"}],"version-history":[{"count":2,"href":"https:\/\/brescia.confagricoltura.it\/ita\/wp-json\/wp\/v2\/posts\/7051\/revisions"}],"predecessor-version":[{"id":7054,"href":"https:\/\/brescia.confagricoltura.it\/ita\/wp-json\/wp\/v2\/posts\/7051\/revisions\/7054"}],"wp:featuredmedia":[{"embeddable":true,"href":"https:\/\/brescia.confagricoltura.it\/ita\/wp-json\/wp\/v2\/media\/7052"}],"wp:attachment":[{"href":"https:\/\/brescia.confagricoltura.it\/ita\/wp-json\/wp\/v2\/media?parent=7051"}],"wp:term":[{"taxonomy":"category","embeddable":true,"href":"https:\/\/brescia.confagricoltura.it\/ita\/wp-json\/wp\/v2\/categories?post=7051"},{"taxonomy":"post_tag","embeddable":true,"href":"https:\/\/brescia.confagricoltura.it\/ita\/wp-json\/wp\/v2\/tags?post=7051"}],"curies":[{"name":"wp","href":"https:\/\/api.w.org\/{rel}","templated":true}]}}